{"id":686,"date":"2024-10-01T11:45:40","date_gmt":"2024-10-01T11:45:40","guid":{"rendered":"http:\/\/wp.bonner-initiative-grundeinkommen.de\/?p=686"},"modified":"2024-10-01T11:47:24","modified_gmt":"2024-10-01T11:47:24","slug":"was-haben-die-nachhaltigkeitsziele-sdgs-mit-der-idee-eines-grundeinkommens-zu-tun","status":"publish","type":"post","link":"http:\/\/wp.bonner-initiative-grundeinkommen.de\/?p=686","title":{"rendered":"Was haben die Nachhaltigkeitsziele (SDGs) mit der Idee eines Grundeinkommens zu tun?\u00a0"},"content":{"rendered":"\n<p><\/p>\n\n\n\n<p>Die Bonner Initiative Grundeinkommen m\u00f6chte im Rahmen der Bonner SDG-Tage 2024 den Zusammenhang bestimmter Nachhaltigkeitsziele (z.B. Armut beseitigen) mit der Idee des Grundeinkommens in Verbindung bringen und gemeinsam diskutieren.<\/p>\n\n\n\n<p>Die Veranstaltung findet statt am <strong>Dienstag, 1. Oktober 2024, 18:00 &#8211; 19:30 Uhr im Macke-Treff<\/strong>, Vorgebirgsstra\u00dfe 43, 53119 Bonn. Alle Interessierten sind herzlich eingeladen.<\/p>\n\n\n\n<p>Die f\u00fcr die Region Bonn\/S\u00fcdliches NRW zust\u00e4ndige Eine Welt-Regionalpromotorin Vanessa P\u00fcllen wird einen kurzen \u00dcberblick zu den Nachhaltigkeitszielen der Agenda 2030 geben. Die Bonner Initiative Grundeinkommen wird die Idee des Grundeinkommesn vorstellen. Gemeinsam mit den Teilnehmenden werden wir dar\u00fcber diskutieren, welche Nachhaltigkeitsziele durch ein Grundeinkommen unterst\u00fctzt werden k\u00f6nnen.<\/p>\n\n\n\n<p><strong>Mehr Infos und Kontakt:<\/strong><\/p>\n\n\n\n<p><a rel=\"noreferrer noopener\" href=\"mailto:info@grundeinkommen-bonn.de\" target=\"_blank\">info@grundeinkommen-bonn.de<\/a><\/p>\n\n\n\n<p><a href=\"https:\/\/grundeinkommen-bonn.de\">https:\/\/grundeinkommen-bonn.de<\/a><\/p>\n\n\n\n<p><a rel=\"noreferrer noopener\" href=\"mailto:vanessa.puellen@politikatelier.de\" target=\"_blank\">vanessa.puellen@politikatelier.de<\/a><\/p>\n\n\n\n<p><a href=\"https:\/\/bonner-netzwerk.org\/kontakt.html\">https:\/\/bonner-netzwerk.org\/kontakt.html<\/a><\/p>\n","protected":false},"excerpt":{"rendered":"<p>Die Bonner Initiative Grundeinkommen m\u00f6chte im Rahmen der Bonner SDG-Tage 2024 den Zusammenhang bestimmter Nachhaltigkeitsziele (z.B. Armut beseitigen) mit der Idee des Grundeinkommens in Verbindung bringen und gemeinsam diskutieren. Die Veranstaltung findet statt am Dienstag, 1. Oktober 2024, 18:00 &#8211; 19:30 Uhr im Macke-Treff, Vorgebirgsstra\u00dfe 43, 53119 Bonn. Alle Interessierten sind herzlich eingeladen. Die f\u00fcr &hellip; <\/p>\n<p class=\"link-more\"><a href=\"http:\/\/wp.bonner-initiative-grundeinkommen.de\/?p=686\" class=\"more-link\"><span class=\"screen-reader-text\">&#8222;Was haben die Nachhaltigkeitsziele (SDGs) mit der Idee eines Grundeinkommens zu tun?\u00a0&#8222;<\/span> weiterlesen<\/a><\/p>\n","protected":false},"author":1,"featured_media":0,"comment_status":"open","ping_status":"open","sticky":false,"template":"","format":"standard","meta":[],"categories":[1],"tags":[],"_links":{"self":[{"href":"http:\/\/wp.bonner-initiative-grundeinkommen.de\/index.php?rest_route=\/wp\/v2\/posts\/686"}],"collection":[{"href":"http:\/\/wp.bonner-initiative-grundeinkommen.de\/index.php?rest_route=\/wp\/v2\/posts"}],"about":[{"href":"http:\/\/wp.bonner-initiative-grundeinkommen.de\/index.php?rest_route=\/wp\/v2\/types\/post"}],"author":[{"embeddable":true,"href":"http:\/\/wp.bonner-initiative-grundeinkommen.de\/index.php?rest_route=\/wp\/v2\/users\/1"}],"replies":[{"embeddable":true,"href":"http:\/\/wp.bonner-initiative-grundeinkommen.de\/index.php?rest_route=%2Fwp%2Fv2%2Fcomments&post=686"}],"version-history":[{"count":3,"href":"http:\/\/wp.bonner-initiative-grundeinkommen.de\/index.php?rest_route=\/wp\/v2\/posts\/686\/revisions"}],"predecessor-version":[{"id":689,"href":"http:\/\/wp.bonner-initiative-grundeinkommen.de\/index.php?rest_route=\/wp\/v2\/posts\/686\/revisions\/689"}],"wp:attachment":[{"href":"http:\/\/wp.bonner-initiative-grundeinkommen.de\/index.php?rest_route=%2Fwp%2Fv2%2Fmedia&parent=686"}],"wp:term":[{"taxonomy":"category","embeddable":true,"href":"http:\/\/wp.bonner-initiative-grundeinkommen.de\/index.php?rest_route=%2Fwp%2Fv2%2Fcategories&post=686"},{"taxonomy":"post_tag","embeddable":true,"href":"http:\/\/wp.bonner-initiative-grundeinkommen.de\/index.php?rest_route=%2Fwp%2Fv2%2Ftags&post=686"}],"curies":[{"name":"wp","href":"https:\/\/api.w.org\/{rel}","templated":true}]}}