{"id":683,"date":"2023-10-10T15:08:42","date_gmt":"2023-10-10T15:08:42","guid":{"rendered":"http:\/\/wp.bonner-initiative-grundeinkommen.de\/?p=683"},"modified":"2023-10-10T15:08:42","modified_gmt":"2023-10-10T15:08:42","slug":"bonner-initiative-grundeinkommen-trifft-sich-am-10-10-und-testet-den-grundeinkommen-konfigurator","status":"publish","type":"post","link":"http:\/\/wp.bonner-initiative-grundeinkommen.de\/?p=683","title":{"rendered":"Bonner Initiative Grundeinkommen trifft sich am 10.10. und testet den Grundeinkommen-Konfigurator"},"content":{"rendered":"\n<p>Die Bonner Initiative Grundeinkommen trifft sich regelm\u00e4ssig, jeden zweiten Dienstag im Monat, um 19 Uhr im Macke-Treff, Vorgebirgsstar\u00dfe 43, 53119 Bonn. Alle Interessierten sind herzlich eingeladen. <\/p>\n\n\n\n<p>Das Treffen am Dienstag, 10.10.2023 findet &#8211; wegen Herbstferien im Macke-Treff &#8211; <strong>ausnahmsweise im Reparier Caf\u00e9 MVA Bonn, Immenburgstra\u00dfe 22 statt. Der Eingang an der Immenburgstra\u00dfe ist mit &#8222;Tor 4&#8220; beschildert.<\/strong><\/p>\n\n\n\n<p><strong>Thema ist der &#8222;Grundeinkommen-Konfigurator&#8220;<\/strong> des Vereins &#8222;Mein Grundeinkommen&#8220;. &#8222;Mein Grundeinkommen&#8220; hat gemeinsam mit dem Deutschen Institut f\u00fcr Wirtschaftsforschung (DIW Berlin) einen Konfigurator erstellt, der zeigt, dass das Grundeinkommen auf vielen Wegen finanzierbar ist. Alle Interessierten sind herzlich eingeladen.<\/p>\n\n\n\n<p>Die DIW Modellrechnung: <a target=\"_blank\" href=\"https:\/\/www.mein-grundeinkommen.de\/magazin\/grundeinkommen-finanzierung-studie\" rel=\"noreferrer noopener\">https:\/\/www.mein-grundeinkommen.de\/magazin\/grundeinkommen-finanzierung-studie<\/a><\/p>\n\n\n\n<p>Zum Konfigurator: <a target=\"_blank\" href=\"https:\/\/finanzierung.mein-grundeinkommen.de\/konfigurator\" rel=\"noreferrer noopener\">https:\/\/finanzierung.mein-grundeinkommen.de\/konfigurator<\/a><\/p>\n","protected":false},"excerpt":{"rendered":"<p>Die Bonner Initiative Grundeinkommen trifft sich regelm\u00e4ssig, jeden zweiten Dienstag im Monat, um 19 Uhr im Macke-Treff, Vorgebirgsstar\u00dfe 43, 53119 Bonn. Alle Interessierten sind herzlich eingeladen. Das Treffen am Dienstag, 10.10.2023 findet &#8211; wegen Herbstferien im Macke-Treff &#8211; ausnahmsweise im Reparier Caf\u00e9 MVA Bonn, Immenburgstra\u00dfe 22 statt. Der Eingang an der Immenburgstra\u00dfe ist mit &#8222;Tor &hellip; <\/p>\n<p class=\"link-more\"><a href=\"http:\/\/wp.bonner-initiative-grundeinkommen.de\/?p=683\" class=\"more-link\"><span class=\"screen-reader-text\">&#8222;Bonner Initiative Grundeinkommen trifft sich am 10.10. und testet den Grundeinkommen-Konfigurator&#8220;<\/span> weiterlesen<\/a><\/p>\n","protected":false},"author":1,"featured_media":0,"comment_status":"open","ping_status":"open","sticky":false,"template":"","format":"standard","meta":[],"categories":[1],"tags":[],"_links":{"self":[{"href":"http:\/\/wp.bonner-initiative-grundeinkommen.de\/index.php?rest_route=\/wp\/v2\/posts\/683"}],"collection":[{"href":"http:\/\/wp.bonner-initiative-grundeinkommen.de\/index.php?rest_route=\/wp\/v2\/posts"}],"about":[{"href":"http:\/\/wp.bonner-initiative-grundeinkommen.de\/index.php?rest_route=\/wp\/v2\/types\/post"}],"author":[{"embeddable":true,"href":"http:\/\/wp.bonner-initiative-grundeinkommen.de\/index.php?rest_route=\/wp\/v2\/users\/1"}],"replies":[{"embeddable":true,"href":"http:\/\/wp.bonner-initiative-grundeinkommen.de\/index.php?rest_route=%2Fwp%2Fv2%2Fcomments&post=683"}],"version-history":[{"count":1,"href":"http:\/\/wp.bonner-initiative-grundeinkommen.de\/index.php?rest_route=\/wp\/v2\/posts\/683\/revisions"}],"predecessor-version":[{"id":684,"href":"http:\/\/wp.bonner-initiative-grundeinkommen.de\/index.php?rest_route=\/wp\/v2\/posts\/683\/revisions\/684"}],"wp:attachment":[{"href":"http:\/\/wp.bonner-initiative-grundeinkommen.de\/index.php?rest_route=%2Fwp%2Fv2%2Fmedia&parent=683"}],"wp:term":[{"taxonomy":"category","embeddable":true,"href":"http:\/\/wp.bonner-initiative-grundeinkommen.de\/index.php?rest_route=%2Fwp%2Fv2%2Fcategories&post=683"},{"taxonomy":"post_tag","embeddable":true,"href":"http:\/\/wp.bonner-initiative-grundeinkommen.de\/index.php?rest_route=%2Fwp%2Fv2%2Ftags&post=683"}],"curies":[{"name":"wp","href":"https:\/\/api.w.org\/{rel}","templated":true}]}}