{"id":535,"date":"2021-01-19T15:56:31","date_gmt":"2021-01-19T15:56:31","guid":{"rendered":"http:\/\/wp.bonner-initiative-grundeinkommen.de\/?p=535"},"modified":"2021-01-19T15:58:52","modified_gmt":"2021-01-19T15:58:52","slug":"lesetipp-karl-reitter-kritik-der-linken-kritik-am-grundeinkommen","status":"publish","type":"post","link":"http:\/\/wp.bonner-initiative-grundeinkommen.de\/?p=535","title":{"rendered":"Lesetipp: Karl Reitter, Kritik der linken Kritik am Grundeinkommen"},"content":{"rendered":"\n<p>Der Wiener Philosoph Karl Reitter ist seit langem einer der profiliertesten Bef\u00fcrworter eines BGE im deutschen Sprachraum. Und er denkt das Grundeinkommen von einer explizit linken Philosophie her.                                Das macht es so brisant, wenn der ausgewiesene Marxist sich mit Positionen auseinandersetzt, die sich selbst ebenfalls als links und oft auch als marxistisch verstehen, aber ein Grundeinkommen ablehnen.                                Das tut Karl seit Jahrzehnten immer wieder, in seinem soeben bei Mandelbaum erschienen Buch fasst er alles systematisch zusammen.                                Der Verlag schreibt, Reitter stelle \u201eklar, worum es den Bef\u00fcrworter*innen eines emanzipatorischen Grundeinkommens eigentlich geht, welche Bedeutung es f\u00fcr eine offensive Verteidigung des Sozialstaats und f\u00fcr gro\u00dfe Bev\u00f6lkerungsteile hinsichtlich Einkommenssicherheit hat \u2013 und was es tats\u00e4chlich bedeutet, es abzulehnen.\u201c                                \u00a0                                <br><a rel=\"noreferrer noopener\" href=\"https:\/\/reitterk.wordpress.com\/\" target=\"_blank\">https:\/\/reitterk.wordpress.com\/<\/a><br><\/p>\n\n\n\n<p><strong>Attac-Onlineseminar mit Karl Reitter zu seinem Buch: <br>Mittwoch 20.01.2021, 18.00-19.00 Uhr<br>Link auf Anfrage: info@grundeinkommen-bonn.de<\/strong><br><\/p>\n","protected":false},"excerpt":{"rendered":"<p>Der Wiener Philosoph Karl Reitter ist seit langem einer der profiliertesten Bef\u00fcrworter eines BGE im deutschen Sprachraum. Und er denkt das Grundeinkommen von einer explizit linken Philosophie her. Das macht es so brisant, wenn der ausgewiesene Marxist sich mit Positionen auseinandersetzt, die sich selbst ebenfalls als links und oft auch als marxistisch verstehen, aber ein &hellip; <\/p>\n<p class=\"link-more\"><a href=\"http:\/\/wp.bonner-initiative-grundeinkommen.de\/?p=535\" class=\"more-link\"><span class=\"screen-reader-text\">&#8222;Lesetipp: Karl Reitter, Kritik der linken Kritik am Grundeinkommen&#8220;<\/span> weiterlesen<\/a><\/p>\n","protected":false},"author":1,"featured_media":0,"comment_status":"open","ping_status":"open","sticky":false,"template":"","format":"standard","meta":[],"categories":[1],"tags":[],"_links":{"self":[{"href":"http:\/\/wp.bonner-initiative-grundeinkommen.de\/index.php?rest_route=\/wp\/v2\/posts\/535"}],"collection":[{"href":"http:\/\/wp.bonner-initiative-grundeinkommen.de\/index.php?rest_route=\/wp\/v2\/posts"}],"about":[{"href":"http:\/\/wp.bonner-initiative-grundeinkommen.de\/index.php?rest_route=\/wp\/v2\/types\/post"}],"author":[{"embeddable":true,"href":"http:\/\/wp.bonner-initiative-grundeinkommen.de\/index.php?rest_route=\/wp\/v2\/users\/1"}],"replies":[{"embeddable":true,"href":"http:\/\/wp.bonner-initiative-grundeinkommen.de\/index.php?rest_route=%2Fwp%2Fv2%2Fcomments&post=535"}],"version-history":[{"count":2,"href":"http:\/\/wp.bonner-initiative-grundeinkommen.de\/index.php?rest_route=\/wp\/v2\/posts\/535\/revisions"}],"predecessor-version":[{"id":537,"href":"http:\/\/wp.bonner-initiative-grundeinkommen.de\/index.php?rest_route=\/wp\/v2\/posts\/535\/revisions\/537"}],"wp:attachment":[{"href":"http:\/\/wp.bonner-initiative-grundeinkommen.de\/index.php?rest_route=%2Fwp%2Fv2%2Fmedia&parent=535"}],"wp:term":[{"taxonomy":"category","embeddable":true,"href":"http:\/\/wp.bonner-initiative-grundeinkommen.de\/index.php?rest_route=%2Fwp%2Fv2%2Fcategories&post=535"},{"taxonomy":"post_tag","embeddable":true,"href":"http:\/\/wp.bonner-initiative-grundeinkommen.de\/index.php?rest_route=%2Fwp%2Fv2%2Ftags&post=535"}],"curies":[{"name":"wp","href":"https:\/\/api.w.org\/{rel}","templated":true}]}}