{"id":507,"date":"2021-09-22T09:00:24","date_gmt":"2021-09-22T09:00:24","guid":{"rendered":"http:\/\/wp.bonner-initiative-grundeinkommen.de\/?p=507"},"modified":"2021-09-23T08:00:40","modified_gmt":"2021-09-23T08:00:40","slug":"fr-18-09-2020-ab-19-uhr-3-internationaler-bge-stammtisch-bonn","status":"publish","type":"post","link":"http:\/\/wp.bonner-initiative-grundeinkommen.de\/?p=507","title":{"rendered":"Fr 24.09.2021 ab 19 Uhr \u201e4. Internationaler BGE-Stammtisch \u2013 Bonn\u201c"},"content":{"rendered":"\n<h4>Gespr\u00e4che &amp; Information &amp; Vernetzungstreffen zum Bedingungslosen Grundeinkommen<\/h4>\n\n\n\n<p>Am Freitag, 24.9.2021 ab 19 Uhr Gespr\u00e4che &amp; Information &amp; Vernetzungstreffen \u201e4. Internationaler BGE-Stammtisch \u2013 Bonn\u201c im Rosa Lu, Vorgebirgsstra\u00dfe 80, 53119 Bonn. Alle am Thema Bedingungsloses Grundeinkommen (BGE) Interessierten in Bonn und Umland und alle Organisationen, die die Idee des Grundeinkommens unterst\u00fctzen sind eingeladen, sich in lockerer Atmosph\u00e4re zu treffen, trinken, essen und auszutauschen sowie bzgl. laufender und zuk\u00fcnftiger BGE-Projekte auf den aktuellen Stand zu bringen oder gemeinsame Aktivit\u00e4ten zu entwickeln.<\/p>\n\n\n\n<p>Der Eintritt ist frei. Eine Anmeldung ist nicht erforderlich.<br>Die Getr\u00e4nke zahlt jeder Gast selber. <br>Infomaterial, Flyer und \u00e4hnliches zum Mitnehmen rund um das BGE sind ausdr\u00fccklich erw\u00fcnscht.<\/p>\n\n\n\n<p>Es gibt keine feste Tagesordnung. Jede und jeder kann sich einbringen und beteiligen.<\/p>\n\n\n\n<p>Mensch kann kommen und gehen wie mensch m\u00f6chte. Aufgrund der Vielf\u00e4ltigkeit der BGE-Interessierten wird um Zuh\u00f6ren und gegenseitigen Respekt vor Ort gebeten.<\/p>\n\n\n\n<p>Weltweit finden an diesem Tag im Rahmen der 14. Internationalen Woche des Grundeinkommens BGE-Stammtische statt. Mehr dazu siehe \u201e4th International Basic Income Beer\u201c <a href=\"https:\/\/m.facebook.com\/events\/787566661870321\">https:\/\/m.facebook.com\/events\/787566661870321<\/a><\/p>\n\n\n\n<p>Diese Veranstaltung findet im Rahmen der 14. Internationalen Woche des Grundeinkommens (14th International Basic Income Week) Mo-So 20.-26.9.2021 statt.<br>#Grundeinkommenswoche<br>#basicincomeweek14<br>#basicincomebeer<br><a href=\"http:\/\/www.woche-des-grundeinkommens.eu\" target=\"_blank\" rel=\"noreferrer noopener\">www.woche-des-grundeinkommens.eu<\/a><br><a href=\"http:\/\/www.basicincomeweek.org\" target=\"_blank\" rel=\"noreferrer noopener\">www.basicincomeweek.org<\/a><br><a href=\"https:\/\/m.facebook.com\/events\/787566661870321\">https:\/\/m.facebook.com\/events\/787566661870321<\/a><\/p>\n\n\n\n<p><strong>Kontakt Bonner Initiative Grundeinkommen:<br><\/strong><a href=\"http:\/\/www.grundeinkommen-bonn.de\" target=\"_blank\" rel=\"noreferrer noopener\">www.grundeinkommen-bonn.de<\/a><br><a href=\"mailto:bonn@grundeinkommen.de\" target=\"_blank\" rel=\"noreferrer noopener\">bonn@grundeinkommen.de<\/a><\/p>\n\n\n\n<p><strong>Unterst\u00fctzung<\/strong><br>Unterst\u00fctzen Sie bitte die Idee mit einer Spende an den gemeinn\u00fctzigen Verein \u201eBonner Initiative Grundeinkommen e.V.\u201c<br>IBAN: DE80380601861305142014 bei Volksbank Bonn Rhein-Sieg!<\/p>\n","protected":false},"excerpt":{"rendered":"<p>Gespr\u00e4che &amp; Information &amp; Vernetzungstreffen zum Bedingungslosen Grundeinkommen Am Freitag, 24.9.2021 ab 19 Uhr Gespr\u00e4che &amp; Information &amp; Vernetzungstreffen \u201e4. Internationaler BGE-Stammtisch \u2013 Bonn\u201c im Rosa Lu, Vorgebirgsstra\u00dfe 80, 53119 Bonn. Alle am Thema Bedingungsloses Grundeinkommen (BGE) Interessierten in Bonn und Umland und alle Organisationen, die die Idee des Grundeinkommens unterst\u00fctzen sind eingeladen, sich in &hellip; <\/p>\n<p class=\"link-more\"><a href=\"http:\/\/wp.bonner-initiative-grundeinkommen.de\/?p=507\" class=\"more-link\"><span class=\"screen-reader-text\">&#8222;Fr 24.09.2021 ab 19 Uhr \u201e4. Internationaler BGE-Stammtisch \u2013 Bonn\u201c&#8220;<\/span> weiterlesen<\/a><\/p>\n","protected":false},"author":1,"featured_media":0,"comment_status":"open","ping_status":"open","sticky":false,"template":"","format":"standard","meta":[],"categories":[1],"tags":[],"_links":{"self":[{"href":"http:\/\/wp.bonner-initiative-grundeinkommen.de\/index.php?rest_route=\/wp\/v2\/posts\/507"}],"collection":[{"href":"http:\/\/wp.bonner-initiative-grundeinkommen.de\/index.php?rest_route=\/wp\/v2\/posts"}],"about":[{"href":"http:\/\/wp.bonner-initiative-grundeinkommen.de\/index.php?rest_route=\/wp\/v2\/types\/post"}],"author":[{"embeddable":true,"href":"http:\/\/wp.bonner-initiative-grundeinkommen.de\/index.php?rest_route=\/wp\/v2\/users\/1"}],"replies":[{"embeddable":true,"href":"http:\/\/wp.bonner-initiative-grundeinkommen.de\/index.php?rest_route=%2Fwp%2Fv2%2Fcomments&post=507"}],"version-history":[{"count":5,"href":"http:\/\/wp.bonner-initiative-grundeinkommen.de\/index.php?rest_route=\/wp\/v2\/posts\/507\/revisions"}],"predecessor-version":[{"id":578,"href":"http:\/\/wp.bonner-initiative-grundeinkommen.de\/index.php?rest_route=\/wp\/v2\/posts\/507\/revisions\/578"}],"wp:attachment":[{"href":"http:\/\/wp.bonner-initiative-grundeinkommen.de\/index.php?rest_route=%2Fwp%2Fv2%2Fmedia&parent=507"}],"wp:term":[{"taxonomy":"category","embeddable":true,"href":"http:\/\/wp.bonner-initiative-grundeinkommen.de\/index.php?rest_route=%2Fwp%2Fv2%2Fcategories&post=507"},{"taxonomy":"post_tag","embeddable":true,"href":"http:\/\/wp.bonner-initiative-grundeinkommen.de\/index.php?rest_route=%2Fwp%2Fv2%2Ftags&post=507"}],"curies":[{"name":"wp","href":"https:\/\/api.w.org\/{rel}","templated":true}]}}