{"id":499,"date":"2020-07-27T16:13:13","date_gmt":"2020-07-27T16:13:13","guid":{"rendered":"http:\/\/wp.bonner-initiative-grundeinkommen.de\/?p=499"},"modified":"2020-07-27T16:13:13","modified_gmt":"2020-07-27T16:13:13","slug":"11-8-2020-einladung-zum-august-treffen-der-bonner-initiative-grundeinkommen","status":"publish","type":"post","link":"http:\/\/wp.bonner-initiative-grundeinkommen.de\/?p=499","title":{"rendered":"11.8.2020: Einladung zum August-Treffen der Bonner Initiative Grundeinkommen"},"content":{"rendered":"<p><!--StartFragment--><\/p>\n\n\n<p><strong>Am 11.8.2020 <\/strong>laden wir<strong> <\/strong>wieder zu einem live-Treffen der Bonner Initiative Grundeinkommen <strong>um 19 Uhr im Macke-Treff<\/strong>, Vorgebirgsstra\u00dfe 43, 53119 Bonn ein. <\/p>\n\n\n\n<p>Eingeladen zum Treffen sind alle, die sich mit der Idee des Grundeinkommens auseinandersetzen m\u00f6chten. Knabbereien und Getr\u00e4nke d\u00fcrfen gerne mitgebracht werden.<br><\/p>\n\n\n\n<p><strong>Kontakt Bonner Initiative Grundeinkommen:<br><\/strong><a rel=\"noreferrer noopener\" target=\"_blank\" href=\"http:\/\/www.grundeinkommen-bonn.de\">www.grundeinkommen-bonn.de<\/a><br><a rel=\"noreferrer noopener\" href=\"mailto:bonn@grundeinkommen.de\" target=\"_blank\">bonn@grundeinkommen.de<\/a><\/p>\n\n\n\n<p><strong>Unterst\u00fctzung<\/strong><br>Unterst\u00fctzen Sie bitte die Idee mit einer Spende an den gemeinn\u00fctzigen Verein \u201eBonner Initiative Grundeinkommen e.V.\u201c<br>IBAN: DE80380601861305142014 bei Volksbank Bonn Rhein-Sieg!\n\n<\/p>\n\n\n<p><!--EndFragment--><\/p>\n<p><\/p>","protected":false},"excerpt":{"rendered":"<p>Am 11.8.2020 laden wir wieder zu einem live-Treffen der Bonner Initiative Grundeinkommen um 19 Uhr im Macke-Treff, Vorgebirgsstra\u00dfe 43, 53119 Bonn ein. Eingeladen zum Treffen sind alle, die sich mit der Idee des Grundeinkommens auseinandersetzen m\u00f6chten. Knabbereien und Getr\u00e4nke d\u00fcrfen gerne mitgebracht werden. Kontakt Bonner Initiative Grundeinkommen:www.grundeinkommen-bonn.debonn@grundeinkommen.de Unterst\u00fctzungUnterst\u00fctzen Sie bitte die Idee mit einer Spende &hellip; <\/p>\n<p class=\"link-more\"><a href=\"http:\/\/wp.bonner-initiative-grundeinkommen.de\/?p=499\" class=\"more-link\"><span class=\"screen-reader-text\">&#8222;11.8.2020: Einladung zum August-Treffen der Bonner Initiative Grundeinkommen&#8220;<\/span> weiterlesen<\/a><\/p>\n","protected":false},"author":1,"featured_media":0,"comment_status":"open","ping_status":"open","sticky":false,"template":"","format":"standard","meta":[],"categories":[1],"tags":[],"_links":{"self":[{"href":"http:\/\/wp.bonner-initiative-grundeinkommen.de\/index.php?rest_route=\/wp\/v2\/posts\/499"}],"collection":[{"href":"http:\/\/wp.bonner-initiative-grundeinkommen.de\/index.php?rest_route=\/wp\/v2\/posts"}],"about":[{"href":"http:\/\/wp.bonner-initiative-grundeinkommen.de\/index.php?rest_route=\/wp\/v2\/types\/post"}],"author":[{"embeddable":true,"href":"http:\/\/wp.bonner-initiative-grundeinkommen.de\/index.php?rest_route=\/wp\/v2\/users\/1"}],"replies":[{"embeddable":true,"href":"http:\/\/wp.bonner-initiative-grundeinkommen.de\/index.php?rest_route=%2Fwp%2Fv2%2Fcomments&post=499"}],"version-history":[{"count":1,"href":"http:\/\/wp.bonner-initiative-grundeinkommen.de\/index.php?rest_route=\/wp\/v2\/posts\/499\/revisions"}],"predecessor-version":[{"id":500,"href":"http:\/\/wp.bonner-initiative-grundeinkommen.de\/index.php?rest_route=\/wp\/v2\/posts\/499\/revisions\/500"}],"wp:attachment":[{"href":"http:\/\/wp.bonner-initiative-grundeinkommen.de\/index.php?rest_route=%2Fwp%2Fv2%2Fmedia&parent=499"}],"wp:term":[{"taxonomy":"category","embeddable":true,"href":"http:\/\/wp.bonner-initiative-grundeinkommen.de\/index.php?rest_route=%2Fwp%2Fv2%2Fcategories&post=499"},{"taxonomy":"post_tag","embeddable":true,"href":"http:\/\/wp.bonner-initiative-grundeinkommen.de\/index.php?rest_route=%2Fwp%2Fv2%2Ftags&post=499"}],"curies":[{"name":"wp","href":"https:\/\/api.w.org\/{rel}","templated":true}]}}