{"id":481,"date":"2020-07-14T15:43:02","date_gmt":"2020-07-14T15:43:02","guid":{"rendered":"http:\/\/wp.bonner-initiative-grundeinkommen.de\/?p=481"},"modified":"2020-07-14T15:43:02","modified_gmt":"2020-07-14T15:43:02","slug":"14-7-2020-bonner-initiative-grundeinkommen-laedt-zum-juli-treffen-ein","status":"publish","type":"post","link":"http:\/\/wp.bonner-initiative-grundeinkommen.de\/?p=481","title":{"rendered":"14.7.2020: Bonner Initiative Grundeinkommen l\u00e4dt zum Juli-Treffen ein"},"content":{"rendered":"<p><br \/><!--StartFragment--><\/p>\n\n\n<p><strong>Am 14.7.2020<\/strong>, am &#8222;traditionellen&#8220; 2. Dienstag im Monat, m\u00f6chten wir wieder zu einem live-Treffen der Bonner Initiative Grundeinkommen <strong>um 19 Uhr im Macke-Treff<\/strong>, Vorgebirgsstra\u00dfe 43, 53119 Bonn, einladen. <\/p>\n\n\n\n<p>F\u00fcr viele bestimmt \u00fcberraschend &#8230; kommt trotzdem vorbei. Und f\u00fcr alle, die es heute Abend nicht passt, merkt euch schon den <strong>n\u00e4chsten Termin:<\/strong><br><\/p>\n\n\n\n<p><strong>Dienstag, 11.8.2020, 19 Uhr im Macke Treff<\/strong><\/p>\n\n\n\n<p>Eingeladen zum Treffen sind alle, die sich mit der Idee des Grundeinkommens auseinandersetzen m\u00f6chten. Knabbereien und Getr\u00e4nke d\u00fcrfen gerne mitgebracht werden.<br><\/p>\n\n\n\n<p><strong>Kontakt Bonner Initiative Grundeinkommen:<br><\/strong><a rel=\"noreferrer noopener\" target=\"_blank\" href=\"http:\/\/www.grundeinkommen-bonn.de\">www.grundeinkommen-bonn.de<\/a><br><a rel=\"noreferrer noopener\" href=\"mailto:bonn@grundeinkommen.de\" target=\"_blank\">bonn@grundeinkommen.de<\/a><\/p>\n\n\n\n<p><strong>Unterst\u00fctzung<\/strong><br>Unterst\u00fctzen Sie bitte die Idee mit einer Spende an den gemeinn\u00fctzigen Verein \u201eBonner Initiative Grundeinkommen e.V.\u201c<br>IBAN: DE80380601861305142014 bei Volksbank Bonn Rhein-Sieg!\n\n<\/p>\n\n\n<p><!--EndFragment--><br>\n<br>\n<\/p>","protected":false},"excerpt":{"rendered":"<p>Am 14.7.2020, am &#8222;traditionellen&#8220; 2. Dienstag im Monat, m\u00f6chten wir wieder zu einem live-Treffen der Bonner Initiative Grundeinkommen um 19 Uhr im Macke-Treff, Vorgebirgsstra\u00dfe 43, 53119 Bonn, einladen. F\u00fcr viele bestimmt \u00fcberraschend &#8230; kommt trotzdem vorbei. Und f\u00fcr alle, die es heute Abend nicht passt, merkt euch schon den n\u00e4chsten Termin: Dienstag, 11.8.2020, 19 Uhr &hellip; <\/p>\n<p class=\"link-more\"><a href=\"http:\/\/wp.bonner-initiative-grundeinkommen.de\/?p=481\" class=\"more-link\"><span class=\"screen-reader-text\">&#8222;14.7.2020: Bonner Initiative Grundeinkommen l\u00e4dt zum Juli-Treffen ein&#8220;<\/span> weiterlesen<\/a><\/p>\n","protected":false},"author":1,"featured_media":0,"comment_status":"open","ping_status":"open","sticky":false,"template":"","format":"standard","meta":[],"categories":[1],"tags":[],"_links":{"self":[{"href":"http:\/\/wp.bonner-initiative-grundeinkommen.de\/index.php?rest_route=\/wp\/v2\/posts\/481"}],"collection":[{"href":"http:\/\/wp.bonner-initiative-grundeinkommen.de\/index.php?rest_route=\/wp\/v2\/posts"}],"about":[{"href":"http:\/\/wp.bonner-initiative-grundeinkommen.de\/index.php?rest_route=\/wp\/v2\/types\/post"}],"author":[{"embeddable":true,"href":"http:\/\/wp.bonner-initiative-grundeinkommen.de\/index.php?rest_route=\/wp\/v2\/users\/1"}],"replies":[{"embeddable":true,"href":"http:\/\/wp.bonner-initiative-grundeinkommen.de\/index.php?rest_route=%2Fwp%2Fv2%2Fcomments&post=481"}],"version-history":[{"count":2,"href":"http:\/\/wp.bonner-initiative-grundeinkommen.de\/index.php?rest_route=\/wp\/v2\/posts\/481\/revisions"}],"predecessor-version":[{"id":483,"href":"http:\/\/wp.bonner-initiative-grundeinkommen.de\/index.php?rest_route=\/wp\/v2\/posts\/481\/revisions\/483"}],"wp:attachment":[{"href":"http:\/\/wp.bonner-initiative-grundeinkommen.de\/index.php?rest_route=%2Fwp%2Fv2%2Fmedia&parent=481"}],"wp:term":[{"taxonomy":"category","embeddable":true,"href":"http:\/\/wp.bonner-initiative-grundeinkommen.de\/index.php?rest_route=%2Fwp%2Fv2%2Fcategories&post=481"},{"taxonomy":"post_tag","embeddable":true,"href":"http:\/\/wp.bonner-initiative-grundeinkommen.de\/index.php?rest_route=%2Fwp%2Fv2%2Ftags&post=481"}],"curies":[{"name":"wp","href":"https:\/\/api.w.org\/{rel}","templated":true}]}}