{"id":327,"date":"2019-10-08T13:33:08","date_gmt":"2019-10-08T13:33:08","guid":{"rendered":"http:\/\/wp.bonner-initiative-grundeinkommen.de\/?p=327"},"modified":"2019-10-09T12:37:27","modified_gmt":"2019-10-09T12:37:27","slug":"327","status":"publish","type":"post","link":"http:\/\/wp.bonner-initiative-grundeinkommen.de\/?p=327","title":{"rendered":"Das \u201cHousing for All\u201c Netzwerk"},"content":{"rendered":"\n<p>Das \u201cHousing for All\u201d Initiative vereint Mieterverb\u00e4nde \u2013 und vereine, Gewerkschaften, soziale und kirchliche Organisationen, Menschenrechtsorganisationen, Interessensvertretungen von Studierenden, Pensonistinnen und Pensionisten, VertreterInnen von St\u00e4dtenetzwerken und Privatpersonen, die f\u00fcr mehr bezahlbares Wohnen in Europa k\u00e4mpfen. Wir arbeiten individuell und mit anderen zusammen, um \u00fcber eine Million Unterschriften f\u00fcr die Europ\u00e4ische B\u00fcrgerinitiative zu sammeln.<br>Kontakt: <a href=\"mailto:office@housingforall.eu\">office@housingforall.eu<\/a><br>Mehr: <a href=\"https:\/\/www.housingforall.eu\/de\/wohnen-muss-bezahlbar-sein-fuer-alle\/\">https:\/\/www.housingforall.eu\/de\/wohnen-muss-bezahlbar-sein-fuer-alle\/<\/a><br><\/p>\n\n\n\n<p><\/p>\n","protected":false},"excerpt":{"rendered":"<p>Das \u201cHousing for All\u201d Initiative vereint Mieterverb\u00e4nde \u2013 und vereine, Gewerkschaften, soziale und kirchliche Organisationen, Menschenrechtsorganisationen, Interessensvertretungen von Studierenden, Pensonistinnen und Pensionisten, VertreterInnen von St\u00e4dtenetzwerken und Privatpersonen, die f\u00fcr mehr bezahlbares Wohnen in Europa k\u00e4mpfen. Wir arbeiten individuell und mit anderen zusammen, um \u00fcber eine Million Unterschriften f\u00fcr die Europ\u00e4ische B\u00fcrgerinitiative zu sammeln.Kontakt: office@housingforall.euMehr: https:\/\/www.housingforall.eu\/de\/wohnen-muss-bezahlbar-sein-fuer-alle\/<\/p>\n","protected":false},"author":1,"featured_media":0,"comment_status":"open","ping_status":"open","sticky":false,"template":"","format":"standard","meta":[],"categories":[1],"tags":[],"_links":{"self":[{"href":"http:\/\/wp.bonner-initiative-grundeinkommen.de\/index.php?rest_route=\/wp\/v2\/posts\/327"}],"collection":[{"href":"http:\/\/wp.bonner-initiative-grundeinkommen.de\/index.php?rest_route=\/wp\/v2\/posts"}],"about":[{"href":"http:\/\/wp.bonner-initiative-grundeinkommen.de\/index.php?rest_route=\/wp\/v2\/types\/post"}],"author":[{"embeddable":true,"href":"http:\/\/wp.bonner-initiative-grundeinkommen.de\/index.php?rest_route=\/wp\/v2\/users\/1"}],"replies":[{"embeddable":true,"href":"http:\/\/wp.bonner-initiative-grundeinkommen.de\/index.php?rest_route=%2Fwp%2Fv2%2Fcomments&post=327"}],"version-history":[{"count":4,"href":"http:\/\/wp.bonner-initiative-grundeinkommen.de\/index.php?rest_route=\/wp\/v2\/posts\/327\/revisions"}],"predecessor-version":[{"id":358,"href":"http:\/\/wp.bonner-initiative-grundeinkommen.de\/index.php?rest_route=\/wp\/v2\/posts\/327\/revisions\/358"}],"wp:attachment":[{"href":"http:\/\/wp.bonner-initiative-grundeinkommen.de\/index.php?rest_route=%2Fwp%2Fv2%2Fmedia&parent=327"}],"wp:term":[{"taxonomy":"category","embeddable":true,"href":"http:\/\/wp.bonner-initiative-grundeinkommen.de\/index.php?rest_route=%2Fwp%2Fv2%2Fcategories&post=327"},{"taxonomy":"post_tag","embeddable":true,"href":"http:\/\/wp.bonner-initiative-grundeinkommen.de\/index.php?rest_route=%2Fwp%2Fv2%2Ftags&post=327"}],"curies":[{"name":"wp","href":"https:\/\/api.w.org\/{rel}","templated":true}]}}