{"id":320,"date":"2019-10-08T13:17:33","date_gmt":"2019-10-08T13:17:33","guid":{"rendered":"http:\/\/wp.bonner-initiative-grundeinkommen.de\/?p=320"},"modified":"2019-10-08T13:17:33","modified_gmt":"2019-10-08T13:17:33","slug":"basic-income-march-am-26-10-2019-in-berlin","status":"publish","type":"post","link":"http:\/\/wp.bonner-initiative-grundeinkommen.de\/?p=320","title":{"rendered":"Basic Income March am 26.10.2019 in Berlin"},"content":{"rendered":"\n<p>Am <strong>26.10.2019<\/strong>      findet der international ausgerichtete <strong>Basic Income March<\/strong> in      Berlin statt. Zeitgleich zur Gro\u00dfdemo in Deutschland gehen      Grundeinkommensbef\u00fcrworter*innen in New York, San Francisco,      Amsterdam, Toronto und weiteren St\u00e4dten an diesem Tag weltweit auf      die Stra\u00dfen, um ein \u00f6ffentlichkeitswirksames Zeichen f\u00fcr die Idee      des Bedingungslosen Grundeinkommens zu setzen.<br><br>      Den aktuellen Stand des Events und weitere Infos gibt es hier: <a rel=\"noreferrer noopener\" href=\"http:\/\/www.basicincomemarch.com\" target=\"_blank\">www.basicincomemarch.com<\/a><br><br>      F\u00fcr die Durchf\u00fchrung in Berlin hat sich ein 10-k\u00f6pfiges Orgateam      gefunden, das auf Hochtouren dabei ist, den Marsch in der      Hauptstadt konkret vorzubereiten. Beginnend um 14:00 Uhr wird sich      der Zug am 26.10. am Berliner Alexanderplatz in Bewegung setzen,      um auf einer Strecke von knapp 5 km vor dem Brandenburger Tor zu      enden, wo es unterschiedliche Redebeitr\u00e4ge zum BGE geben wird. Die      Veranstaltung ist beim Berliner B\u00fcrgeramt offiziell angemeldet und      wird in jedem Fall stattfinden.<br><br>      Der Basic Income March m\u00f6chte akteurs\u00fcbergreifend Menschen      erreichen, deren Herz genauso wie unseres f\u00fcr das Bedingungslose      Grundeinkommen schl\u00e4gt. <br><br>Unsere unbedingte Bitte an jeden einzelnen von euch: Leitet diese      Nachricht an alle BGE-Interessierten in euren jeweiligen      Verteilern weiter. Je mehr Menschen wir an diesem Tag sind, desto      st\u00e4rker wirkt nat\u00fcrlich das Signal, dass die Zeit l\u00e4ngst \u00fcberreif      daf\u00fcr ist, das Bedingungslose Grundeinkommen als echte      sozialpolitische Alternative ernsthaft anzugehen. Gerade die      gro\u00dfartigen Demonstrationen gegen den Klimawandel haben gezeigt,      welche Strahlkraft von solchen Veranstaltungen ausgehen und welch      mediales Echo wir alle damit erzeugen k\u00f6nnen. <br><\/p>\n\n\n\n<p>Und nat\u00fcrlich: Kommt pers\u00f6nlich vorbei, wenn ihr es irgendwie      einrichten k\u00f6nnt. Sprecht euch ab, bildet Fahrgemeinschaften,      schaut nach g\u00fcnstigen Verbindungen mit Bahn oder Flixtrain. Nutzt      Fernbusse oder Plattformen zu Mitfahrgelegenheiten und unterst\u00fctzt      uns mit eurer Pr\u00e4senz am Basic Income March in Berlin!<br><br>      Um das Event zu einem echten Erfolg zu machen, suchen wir au\u00dferdem      noch 1-2 Redner*innen, die mit fachlicher Expertise in der Sache      und begeisternd f\u00fcr das Thema &#8222;Bedingungsloses Grundeinkommen&#8220;      sprechen k\u00f6nnen. Kontakt bitte an: <a href=\"mailto:basicincomemarch2019@gmail.com\">basicincomemarch2019@gmail.com<\/a>.<br><br>Mit den besten Gr\u00fc\u00dfen <br>Stefan &amp; Michael vom BIM Orga-Team<br><br><a rel=\"noreferrer noopener\" href=\"http:\/\/www.basicincomemarch.com\" target=\"_blank\">www.basicincomemarch.com<\/a><br>Email: <a href=\"mailto:basicincomemarch2019@gmail.com\">basicincomemarch2019@gmail.com<\/a><br><\/p>\n\n\n\n<p><a rel=\"noreferrer noopener\" href=\"http:\/\/www.basicincomemarch.com\" target=\"_blank\"><\/a><\/p>\n\n\n\n<p><\/p>\n","protected":false},"excerpt":{"rendered":"<p>Am 26.10.2019 findet der international ausgerichtete Basic Income March in Berlin statt. Zeitgleich zur Gro\u00dfdemo in Deutschland gehen Grundeinkommensbef\u00fcrworter*innen in New York, San Francisco, Amsterdam, Toronto und weiteren St\u00e4dten an diesem Tag weltweit auf die Stra\u00dfen, um ein \u00f6ffentlichkeitswirksames Zeichen f\u00fcr die Idee des Bedingungslosen Grundeinkommens zu setzen. Den aktuellen Stand des Events und weitere &hellip; <\/p>\n<p class=\"link-more\"><a href=\"http:\/\/wp.bonner-initiative-grundeinkommen.de\/?p=320\" class=\"more-link\"><span class=\"screen-reader-text\">&#8222;Basic Income March am 26.10.2019 in Berlin&#8220;<\/span> weiterlesen<\/a><\/p>\n","protected":false},"author":1,"featured_media":0,"comment_status":"open","ping_status":"open","sticky":false,"template":"","format":"standard","meta":[],"categories":[1],"tags":[],"_links":{"self":[{"href":"http:\/\/wp.bonner-initiative-grundeinkommen.de\/index.php?rest_route=\/wp\/v2\/posts\/320"}],"collection":[{"href":"http:\/\/wp.bonner-initiative-grundeinkommen.de\/index.php?rest_route=\/wp\/v2\/posts"}],"about":[{"href":"http:\/\/wp.bonner-initiative-grundeinkommen.de\/index.php?rest_route=\/wp\/v2\/types\/post"}],"author":[{"embeddable":true,"href":"http:\/\/wp.bonner-initiative-grundeinkommen.de\/index.php?rest_route=\/wp\/v2\/users\/1"}],"replies":[{"embeddable":true,"href":"http:\/\/wp.bonner-initiative-grundeinkommen.de\/index.php?rest_route=%2Fwp%2Fv2%2Fcomments&post=320"}],"version-history":[{"count":1,"href":"http:\/\/wp.bonner-initiative-grundeinkommen.de\/index.php?rest_route=\/wp\/v2\/posts\/320\/revisions"}],"predecessor-version":[{"id":321,"href":"http:\/\/wp.bonner-initiative-grundeinkommen.de\/index.php?rest_route=\/wp\/v2\/posts\/320\/revisions\/321"}],"wp:attachment":[{"href":"http:\/\/wp.bonner-initiative-grundeinkommen.de\/index.php?rest_route=%2Fwp%2Fv2%2Fmedia&parent=320"}],"wp:term":[{"taxonomy":"category","embeddable":true,"href":"http:\/\/wp.bonner-initiative-grundeinkommen.de\/index.php?rest_route=%2Fwp%2Fv2%2Fcategories&post=320"},{"taxonomy":"post_tag","embeddable":true,"href":"http:\/\/wp.bonner-initiative-grundeinkommen.de\/index.php?rest_route=%2Fwp%2Fv2%2Ftags&post=320"}],"curies":[{"name":"wp","href":"https:\/\/api.w.org\/{rel}","templated":true}]}}