{"id":307,"date":"2019-09-16T10:32:54","date_gmt":"2019-09-16T10:32:54","guid":{"rendered":"http:\/\/wp.bonner-initiative-grundeinkommen.de\/?p=307"},"modified":"2019-09-16T10:32:54","modified_gmt":"2019-09-16T10:32:54","slug":"307","status":"publish","type":"post","link":"http:\/\/wp.bonner-initiative-grundeinkommen.de\/?p=307","title":{"rendered":""},"content":{"rendered":"\n<h3>16. September 2019, 18:00-20:00 Uhr, ibugi talks &#8211; BGE und Zukunft der Arbeit<\/h3>\n\n\n\n<p>    In der Veranstaltung am <strong>16. September 2019<\/strong> wird der Fokus auf die <strong>Zukunft der Arbeit <\/strong>liegen.           E    ingeladen: <strong>Prof. Dr. Ute Fischer, Prof. Dr. Michael Opielka und Prof. Dr. Hilmar Schneider<\/strong>. Die Expert*innen widmen sich in einem Impuls den Fragestellungen:     \u201eWas ist Arbeit, wie wird sich die Arbeitswelt in Zukunft entwickeln und welchen Stellenwert haben \u00dcberlegungen zum BGE vor diesem Hintergrund?\u201c    <br><strong>Veranstalter:\u00a0<\/strong><a rel=\"noreferrer noopener\" href=\"https:\/\/ibugi.de\" target=\"_blank\">ibugi<\/a><br>          Die Veranstaltung ist kostenlos. <br>         <strong>Ort:<\/strong> Institut f\u00fcr Bildung und gesellschaftliche Innovation (ibugi), Thomas-Mann-Stra\u00dfe 36, 53111 Bonn (fr\u00fcher: Rudolf-Steiner-Haus)<br>          <strong>Anmerkung: <\/strong>Prof. Opielka forscht schon sehr lange zum Thema Grundeinkommen. Hier eine <a rel=\"noreferrer noopener\" href=\"https:\/\/www.isoe.org\/wp-content\/uploads\/2019-5-23-Michael-Opielka-Grundeinkommen-Verwirklichungschancen-und-bausteine-Diakonie-Berlin-23.5.2019.pdf\" target=\"_blank\">aktuelle Pr\u00e4sentation<\/a> von ihm: <em>&#8222;Grundeinkommen: Verwirklichungschancen und -bausteine. Fachtag Grundeinkommen, Diakonie, Berlin 23.5.2019&#8220;<\/em><\/p>\n","protected":false},"excerpt":{"rendered":"<p>16. September 2019, 18:00-20:00 Uhr, ibugi talks &#8211; BGE und Zukunft der Arbeit In der Veranstaltung am 16. September 2019 wird der Fokus auf die Zukunft der Arbeit liegen. E ingeladen: Prof. Dr. Ute Fischer, Prof. Dr. Michael Opielka und Prof. Dr. Hilmar Schneider. Die Expert*innen widmen sich in einem Impuls den Fragestellungen: \u201eWas ist &hellip; <\/p>\n<p class=\"link-more\"><a href=\"http:\/\/wp.bonner-initiative-grundeinkommen.de\/?p=307\" class=\"more-link\"><span class=\"screen-reader-text\">&#8222;&#8220;<\/span> weiterlesen<\/a><\/p>\n","protected":false},"author":1,"featured_media":0,"comment_status":"open","ping_status":"open","sticky":false,"template":"","format":"standard","meta":[],"categories":[1],"tags":[],"_links":{"self":[{"href":"http:\/\/wp.bonner-initiative-grundeinkommen.de\/index.php?rest_route=\/wp\/v2\/posts\/307"}],"collection":[{"href":"http:\/\/wp.bonner-initiative-grundeinkommen.de\/index.php?rest_route=\/wp\/v2\/posts"}],"about":[{"href":"http:\/\/wp.bonner-initiative-grundeinkommen.de\/index.php?rest_route=\/wp\/v2\/types\/post"}],"author":[{"embeddable":true,"href":"http:\/\/wp.bonner-initiative-grundeinkommen.de\/index.php?rest_route=\/wp\/v2\/users\/1"}],"replies":[{"embeddable":true,"href":"http:\/\/wp.bonner-initiative-grundeinkommen.de\/index.php?rest_route=%2Fwp%2Fv2%2Fcomments&post=307"}],"version-history":[{"count":1,"href":"http:\/\/wp.bonner-initiative-grundeinkommen.de\/index.php?rest_route=\/wp\/v2\/posts\/307\/revisions"}],"predecessor-version":[{"id":308,"href":"http:\/\/wp.bonner-initiative-grundeinkommen.de\/index.php?rest_route=\/wp\/v2\/posts\/307\/revisions\/308"}],"wp:attachment":[{"href":"http:\/\/wp.bonner-initiative-grundeinkommen.de\/index.php?rest_route=%2Fwp%2Fv2%2Fmedia&parent=307"}],"wp:term":[{"taxonomy":"category","embeddable":true,"href":"http:\/\/wp.bonner-initiative-grundeinkommen.de\/index.php?rest_route=%2Fwp%2Fv2%2Fcategories&post=307"},{"taxonomy":"post_tag","embeddable":true,"href":"http:\/\/wp.bonner-initiative-grundeinkommen.de\/index.php?rest_route=%2Fwp%2Fv2%2Ftags&post=307"}],"curies":[{"name":"wp","href":"https:\/\/api.w.org\/{rel}","templated":true}]}}