{"id":301,"date":"2019-09-16T10:22:14","date_gmt":"2019-09-16T10:22:14","guid":{"rendered":"http:\/\/wp.bonner-initiative-grundeinkommen.de\/?p=301"},"modified":"2019-09-16T10:29:03","modified_gmt":"2019-09-16T10:29:03","slug":"301","status":"publish","type":"post","link":"http:\/\/wp.bonner-initiative-grundeinkommen.de\/?p=301","title":{"rendered":""},"content":{"rendered":"\n<h3>16. \u2013 22.9.2019. 12. Internationale Woche des Grundeinkommens<br>\u201eMEHR FREIHEIT DURCH GRUNDEINKOMMEN\u201c.<br><\/h3>\n\n\n\n<p><strong>    Der Titel einer <\/strong><a rel=\"noreferrer noopener\" href=\"https:\/\/www.grundeinkommen.de\/wp-content\/uploads\/2019\/07\/BGE-Broschuere_Lego-2019_D_download.pdf\" target=\"_blank\"><strong>Brosch\u00fcre<\/strong><\/a><strong> vom Netzwerk Grundeinkommen ist der Slogan zur diesj\u00e4hrigen Woche des Grundeinkommens im deutschsprachigen Raum. <\/strong><br>Im Vorwort zur Brosch\u00fcre hei\u00dft es u.a. \u201eDas Grundeinkommen ist ein Schritt auf&nbsp;dem Weg zu einem guten Leben f\u00fcr alle. Niemand soll sich aus der Gesellschaft&nbsp;ausgeschlossen f\u00fchlen, weil das Geld fehlt. Alle sollen ohne Angst vor Armut&nbsp;leben k\u00f6nnen. Das ist ein Menschenrecht. \u2026\u201c    <br>    Eingeladen sind Aktivist\/innen aus der ganzen Welt, sich an der Woche des Grundeinkommens zu beteiligen.    <br><br>    Die Bonner Initiative Grundeinkommen l\u00e4dt Aktivist\/innen aus der Region ein, sich aktiv und in Eigenregie an der Woche des Grundeinkommens zu beteiligen. Zum Beispiel bei der <a rel=\"noreferrer noopener\" href=\"https:\/\/ibugi.de\/veranstaltungen\/\" target=\"_blank\">ibugi-Veranstaltung<\/a> am 16.9., bei der <a rel=\"noreferrer noopener\" href=\"https:\/\/greenwire.greenpeace.de\/group\/393\/about\" target=\"_blank\">Klima-Demo<\/a> am 20.9. ab 11 Uhr, Hofgarten in Bonn oder im eigenen Wirkungsbereich.    <br><a rel=\"noreferrer noopener\" href=\"http:\/\/www.woche-des-grundeinkommens.eu\/aufruf-zur-12-internationalen-woche-des-grundeinkommens\/\" target=\"_blank\">Mehr zur Internationalen Woche des Grundeinkommens<\/a><\/p>\n","protected":false},"excerpt":{"rendered":"<p>16. \u2013 22.9.2019. 12. Internationale Woche des Grundeinkommens\u201eMEHR FREIHEIT DURCH GRUNDEINKOMMEN\u201c. Der Titel einer Brosch\u00fcre vom Netzwerk Grundeinkommen ist der Slogan zur diesj\u00e4hrigen Woche des Grundeinkommens im deutschsprachigen Raum. Im Vorwort zur Brosch\u00fcre hei\u00dft es u.a. \u201eDas Grundeinkommen ist ein Schritt auf&nbsp;dem Weg zu einem guten Leben f\u00fcr alle. Niemand soll sich aus der Gesellschaft&nbsp;ausgeschlossen &hellip; <\/p>\n<p class=\"link-more\"><a href=\"http:\/\/wp.bonner-initiative-grundeinkommen.de\/?p=301\" class=\"more-link\"><span class=\"screen-reader-text\">&#8222;&#8220;<\/span> weiterlesen<\/a><\/p>\n","protected":false},"author":1,"featured_media":0,"comment_status":"open","ping_status":"open","sticky":false,"template":"","format":"standard","meta":[],"categories":[1],"tags":[],"_links":{"self":[{"href":"http:\/\/wp.bonner-initiative-grundeinkommen.de\/index.php?rest_route=\/wp\/v2\/posts\/301"}],"collection":[{"href":"http:\/\/wp.bonner-initiative-grundeinkommen.de\/index.php?rest_route=\/wp\/v2\/posts"}],"about":[{"href":"http:\/\/wp.bonner-initiative-grundeinkommen.de\/index.php?rest_route=\/wp\/v2\/types\/post"}],"author":[{"embeddable":true,"href":"http:\/\/wp.bonner-initiative-grundeinkommen.de\/index.php?rest_route=\/wp\/v2\/users\/1"}],"replies":[{"embeddable":true,"href":"http:\/\/wp.bonner-initiative-grundeinkommen.de\/index.php?rest_route=%2Fwp%2Fv2%2Fcomments&post=301"}],"version-history":[{"count":3,"href":"http:\/\/wp.bonner-initiative-grundeinkommen.de\/index.php?rest_route=\/wp\/v2\/posts\/301\/revisions"}],"predecessor-version":[{"id":306,"href":"http:\/\/wp.bonner-initiative-grundeinkommen.de\/index.php?rest_route=\/wp\/v2\/posts\/301\/revisions\/306"}],"wp:attachment":[{"href":"http:\/\/wp.bonner-initiative-grundeinkommen.de\/index.php?rest_route=%2Fwp%2Fv2%2Fmedia&parent=301"}],"wp:term":[{"taxonomy":"category","embeddable":true,"href":"http:\/\/wp.bonner-initiative-grundeinkommen.de\/index.php?rest_route=%2Fwp%2Fv2%2Fcategories&post=301"},{"taxonomy":"post_tag","embeddable":true,"href":"http:\/\/wp.bonner-initiative-grundeinkommen.de\/index.php?rest_route=%2Fwp%2Fv2%2Ftags&post=301"}],"curies":[{"name":"wp","href":"https:\/\/api.w.org\/{rel}","templated":true}]}}