{"id":298,"date":"2019-09-16T10:15:04","date_gmt":"2019-09-16T10:15:04","guid":{"rendered":"http:\/\/wp.bonner-initiative-grundeinkommen.de\/?p=298"},"modified":"2019-09-16T10:15:04","modified_gmt":"2019-09-16T10:15:04","slug":"10-9-2019-19-21-uhr-macke-trefftreffen-der-bonner-initiative-grundeinkommen","status":"publish","type":"post","link":"http:\/\/wp.bonner-initiative-grundeinkommen.de\/?p=298","title":{"rendered":"10.9.2019, 19 &#8211; 21 Uhr, Macke-Treff,Treffen der Bonner Initiative Grundeinkommen"},"content":{"rendered":"\n<p><strong>     Die Bonner Initiative Grundeinkommen l\u00e4dt zum September-Treffen am 10.9.2019 um 19 Uhr im Macke-Treff, Vorgebirgsstra\u00dfe 43, 53119 Bonn, ein. Die Treffen finden monatlich immer am zweiten Dienstag statt.           <\/strong><br>          Auf der Tagesordnung: Infoaustausch, Planung aktueller Vorhaben, Suche nach neuen Ideen. Schwerpunkt: die Teilnahme der Bonner Initiative an der 12. Internationalen Woche des Grundeinkommens 2019 vom 16. bis 22. September \u201eMEHR FREIHEIT DURCH GRUNDEINKOMMEN\u201c.           <br>          Eingeladen zum Treffen sind alle, die sich mit der Idee des Grundeinkommens auseinandersetzen m\u00f6chten. Knabbereien und Getr\u00e4nke d\u00fcrfen gerne mitgebracht werden.             <\/p>\n","protected":false},"excerpt":{"rendered":"<p>Die Bonner Initiative Grundeinkommen l\u00e4dt zum September-Treffen am 10.9.2019 um 19 Uhr im Macke-Treff, Vorgebirgsstra\u00dfe 43, 53119 Bonn, ein. Die Treffen finden monatlich immer am zweiten Dienstag statt. Auf der Tagesordnung: Infoaustausch, Planung aktueller Vorhaben, Suche nach neuen Ideen. Schwerpunkt: die Teilnahme der Bonner Initiative an der 12. Internationalen Woche des Grundeinkommens 2019 vom 16. &hellip; <\/p>\n<p class=\"link-more\"><a href=\"http:\/\/wp.bonner-initiative-grundeinkommen.de\/?p=298\" class=\"more-link\"><span class=\"screen-reader-text\">&#8222;10.9.2019, 19 &#8211; 21 Uhr, Macke-Treff,Treffen der Bonner Initiative Grundeinkommen&#8220;<\/span> weiterlesen<\/a><\/p>\n","protected":false},"author":1,"featured_media":0,"comment_status":"open","ping_status":"open","sticky":false,"template":"","format":"standard","meta":[],"categories":[1],"tags":[],"_links":{"self":[{"href":"http:\/\/wp.bonner-initiative-grundeinkommen.de\/index.php?rest_route=\/wp\/v2\/posts\/298"}],"collection":[{"href":"http:\/\/wp.bonner-initiative-grundeinkommen.de\/index.php?rest_route=\/wp\/v2\/posts"}],"about":[{"href":"http:\/\/wp.bonner-initiative-grundeinkommen.de\/index.php?rest_route=\/wp\/v2\/types\/post"}],"author":[{"embeddable":true,"href":"http:\/\/wp.bonner-initiative-grundeinkommen.de\/index.php?rest_route=\/wp\/v2\/users\/1"}],"replies":[{"embeddable":true,"href":"http:\/\/wp.bonner-initiative-grundeinkommen.de\/index.php?rest_route=%2Fwp%2Fv2%2Fcomments&post=298"}],"version-history":[{"count":1,"href":"http:\/\/wp.bonner-initiative-grundeinkommen.de\/index.php?rest_route=\/wp\/v2\/posts\/298\/revisions"}],"predecessor-version":[{"id":299,"href":"http:\/\/wp.bonner-initiative-grundeinkommen.de\/index.php?rest_route=\/wp\/v2\/posts\/298\/revisions\/299"}],"wp:attachment":[{"href":"http:\/\/wp.bonner-initiative-grundeinkommen.de\/index.php?rest_route=%2Fwp%2Fv2%2Fmedia&parent=298"}],"wp:term":[{"taxonomy":"category","embeddable":true,"href":"http:\/\/wp.bonner-initiative-grundeinkommen.de\/index.php?rest_route=%2Fwp%2Fv2%2Fcategories&post=298"},{"taxonomy":"post_tag","embeddable":true,"href":"http:\/\/wp.bonner-initiative-grundeinkommen.de\/index.php?rest_route=%2Fwp%2Fv2%2Ftags&post=298"}],"curies":[{"name":"wp","href":"https:\/\/api.w.org\/{rel}","templated":true}]}}