{"id":273,"date":"2019-08-13T03:56:24","date_gmt":"2019-08-13T03:56:24","guid":{"rendered":"http:\/\/wp.bonner-initiative-grundeinkommen.de\/?p=273"},"modified":"2019-08-13T04:02:59","modified_gmt":"2019-08-13T04:02:59","slug":"13-8-2019-19-21-uhr-august-treffen-der-bonner-initiative-grundeinkommen","status":"publish","type":"post","link":"http:\/\/wp.bonner-initiative-grundeinkommen.de\/?p=273","title":{"rendered":"13.8.2019, 19 \u2013 21 Uhr, August-Treffen der Bonner Initiative Grundeinkommen"},"content":{"rendered":"\n<p><strong>Die Bonner Initiative Grundeinkommen l\u00e4dt zum August-Treffen am 13.8.2019 um 19 Uhr im Macke-Treff, Vorgebirgsstra\u00dfe 43, 53119 Bonn, ein. Die Treffen finden monatlich immer am zweiten Dienstag statt. <\/strong><br>Auf der Tagesordnung: Infoaustausch, Planung aktueller Vorhaben, Suche nach neuen Ideen. Schwerpunkt: die Teilnahme der Bonner Initiative an der <a href=\"http:\/\/www.woche-des-grundeinkommens.eu\/aufruf-zur-12-internationalen-woche-des-grundeinkommens\/\">12. Internationalen Woche des Grundeinkommens 2019<\/a> vom 16. bis 22. September \u201eMEHR FREIHEIT DURCH GRUNDEINKOMMEN\u201c. Eingeladen zum Treffen sind alle, die sich mit der Idee des Grundeinkommens auseinandersetzen m\u00f6chten. Knabbereien und Getr\u00e4nke d\u00fcrfen gerne mitgebracht werden.<\/p>\n\n\n<p><!--StartFragment--><\/p>\n\n\n<p><strong>Kontakt Bonner Initiative Grundeinkommen<\/strong><br> <a rel=\"noreferrer noopener\" target=\"_blank\" href=\"http:\/\/www.grundeinkommen-bonn.de\/\">www.grundeinkommen-bonn.de<\/a>, bonn@grundeinkommen.de<\/p>\n\n\n\n<p><strong>Unterst\u00fctzung<\/strong><br>Unterst\u00fctzen Sie bitte die Idee mit einer Spende an dengemeinn\u00fctzigen Verein \u201eBonner Initiative Grundeinkommen e.V.\u201c<br>IBAN: DE80380601861305142014 bei Volksbank Bonn Rhein-Sieg<\/p>\n\n\n<p><!--EndFragment--><\/p>\n<p><\/p>","protected":false},"excerpt":{"rendered":"<p>Die Bonner Initiative Grundeinkommen l\u00e4dt zum August-Treffen am 13.8.2019 um 19 Uhr im Macke-Treff, Vorgebirgsstra\u00dfe 43, 53119 Bonn, ein. Die Treffen finden monatlich immer am zweiten Dienstag statt. Auf der Tagesordnung: Infoaustausch, Planung aktueller Vorhaben, Suche nach neuen Ideen. Schwerpunkt: die Teilnahme der Bonner Initiative an der 12. Internationalen Woche des Grundeinkommens 2019 vom 16. &hellip; <\/p>\n<p class=\"link-more\"><a href=\"http:\/\/wp.bonner-initiative-grundeinkommen.de\/?p=273\" class=\"more-link\"><span class=\"screen-reader-text\">&#8222;13.8.2019, 19 \u2013 21 Uhr, August-Treffen der Bonner Initiative Grundeinkommen&#8220;<\/span> weiterlesen<\/a><\/p>\n","protected":false},"author":1,"featured_media":0,"comment_status":"open","ping_status":"open","sticky":false,"template":"","format":"standard","meta":[],"categories":[1],"tags":[],"_links":{"self":[{"href":"http:\/\/wp.bonner-initiative-grundeinkommen.de\/index.php?rest_route=\/wp\/v2\/posts\/273"}],"collection":[{"href":"http:\/\/wp.bonner-initiative-grundeinkommen.de\/index.php?rest_route=\/wp\/v2\/posts"}],"about":[{"href":"http:\/\/wp.bonner-initiative-grundeinkommen.de\/index.php?rest_route=\/wp\/v2\/types\/post"}],"author":[{"embeddable":true,"href":"http:\/\/wp.bonner-initiative-grundeinkommen.de\/index.php?rest_route=\/wp\/v2\/users\/1"}],"replies":[{"embeddable":true,"href":"http:\/\/wp.bonner-initiative-grundeinkommen.de\/index.php?rest_route=%2Fwp%2Fv2%2Fcomments&post=273"}],"version-history":[{"count":3,"href":"http:\/\/wp.bonner-initiative-grundeinkommen.de\/index.php?rest_route=\/wp\/v2\/posts\/273\/revisions"}],"predecessor-version":[{"id":280,"href":"http:\/\/wp.bonner-initiative-grundeinkommen.de\/index.php?rest_route=\/wp\/v2\/posts\/273\/revisions\/280"}],"wp:attachment":[{"href":"http:\/\/wp.bonner-initiative-grundeinkommen.de\/index.php?rest_route=%2Fwp%2Fv2%2Fmedia&parent=273"}],"wp:term":[{"taxonomy":"category","embeddable":true,"href":"http:\/\/wp.bonner-initiative-grundeinkommen.de\/index.php?rest_route=%2Fwp%2Fv2%2Fcategories&post=273"},{"taxonomy":"post_tag","embeddable":true,"href":"http:\/\/wp.bonner-initiative-grundeinkommen.de\/index.php?rest_route=%2Fwp%2Fv2%2Ftags&post=273"}],"curies":[{"name":"wp","href":"https:\/\/api.w.org\/{rel}","templated":true}]}}