{"id":265,"date":"2019-07-01T12:21:11","date_gmt":"2019-07-01T12:21:11","guid":{"rendered":"http:\/\/wp.bonner-initiative-grundeinkommen.de\/?p=265"},"modified":"2019-09-16T10:16:20","modified_gmt":"2019-09-16T10:16:20","slug":"9-7-2019-19-21-uhr-treffen-der-bonner-initiative-grundeinkommen%ef%bb%bf","status":"publish","type":"post","link":"http:\/\/wp.bonner-initiative-grundeinkommen.de\/?p=265","title":{"rendered":"9.7.2019, 19 \u2013 21 Uhr, Treffen der Bonner Initiative Grundeinkommen\ufeff"},"content":{"rendered":"\n<p><strong><br>Die Bonner Initiative Grundeinkommen l\u00e4dt zum n\u00e4chsten Treffen am 9.7.2019 um 19 Uhr im Macke-Treff, Vorgebirgsstra\u00dfe 43, 53119 Bonn, ein. Die Treffen finden monatlich immer am zweiten Dienstag statt.<\/strong><\/p>\n\n\n\n<p>Auf der Tagesordnung: Infoaustausch, R\u00fcckblicke Markt der M\u00f6glichkeiten und ibugi-Veranstaltung, Planung aktueller Vorhaben, Suche nach neuen Ideen. Eingeladen sind alle, die sich mit der Idee des&nbsp; Grundeinkommens auseinandersetzen m\u00f6chten. Knabbereien und Getr\u00e4nke d\u00fcrfen gerne mitgebracht werden.<\/p>\n\n\n\n<p><strong>Kontakt Bonner Initiative Grundeinkommen<\/strong><br> <a rel=\"noreferrer noopener\" target=\"_blank\" href=\"http:\/\/www.grundeinkommen-bonn.de\/\">www.grundeinkommen-bonn.de<\/a>, bonn@grundeinkommen.de<\/p>\n\n\n\n<p><strong>Unterst\u00fctzung<\/strong><br>Unterst\u00fctzen Sie bitte die Idee mit einer Spende an dengemeinn\u00fctzigen Verein \u201eBonner Initiative Grundeinkommen e.V.\u201c<br>IBAN: DE80380601861305142014 bei Volksbank Bonn Rhein-Sieg<\/p>\n","protected":false},"excerpt":{"rendered":"<p>Die Bonner Initiative Grundeinkommen l\u00e4dt zum n\u00e4chsten Treffen am 9.7.2019 um 19 Uhr im Macke-Treff, Vorgebirgsstra\u00dfe 43, 53119 Bonn, ein. Die Treffen finden monatlich immer am zweiten Dienstag statt. Auf der Tagesordnung: Infoaustausch, R\u00fcckblicke Markt der M\u00f6glichkeiten und ibugi-Veranstaltung, Planung aktueller Vorhaben, Suche nach neuen Ideen. Eingeladen sind alle, die sich mit der Idee des&nbsp; &hellip; <\/p>\n<p class=\"link-more\"><a href=\"http:\/\/wp.bonner-initiative-grundeinkommen.de\/?p=265\" class=\"more-link\"><span class=\"screen-reader-text\">&#8222;9.7.2019, 19 \u2013 21 Uhr, Treffen der Bonner Initiative Grundeinkommen\ufeff&#8220;<\/span> weiterlesen<\/a><\/p>\n","protected":false},"author":1,"featured_media":0,"comment_status":"open","ping_status":"open","sticky":false,"template":"","format":"standard","meta":[],"categories":[1],"tags":[],"_links":{"self":[{"href":"http:\/\/wp.bonner-initiative-grundeinkommen.de\/index.php?rest_route=\/wp\/v2\/posts\/265"}],"collection":[{"href":"http:\/\/wp.bonner-initiative-grundeinkommen.de\/index.php?rest_route=\/wp\/v2\/posts"}],"about":[{"href":"http:\/\/wp.bonner-initiative-grundeinkommen.de\/index.php?rest_route=\/wp\/v2\/types\/post"}],"author":[{"embeddable":true,"href":"http:\/\/wp.bonner-initiative-grundeinkommen.de\/index.php?rest_route=\/wp\/v2\/users\/1"}],"replies":[{"embeddable":true,"href":"http:\/\/wp.bonner-initiative-grundeinkommen.de\/index.php?rest_route=%2Fwp%2Fv2%2Fcomments&post=265"}],"version-history":[{"count":3,"href":"http:\/\/wp.bonner-initiative-grundeinkommen.de\/index.php?rest_route=\/wp\/v2\/posts\/265\/revisions"}],"predecessor-version":[{"id":300,"href":"http:\/\/wp.bonner-initiative-grundeinkommen.de\/index.php?rest_route=\/wp\/v2\/posts\/265\/revisions\/300"}],"wp:attachment":[{"href":"http:\/\/wp.bonner-initiative-grundeinkommen.de\/index.php?rest_route=%2Fwp%2Fv2%2Fmedia&parent=265"}],"wp:term":[{"taxonomy":"category","embeddable":true,"href":"http:\/\/wp.bonner-initiative-grundeinkommen.de\/index.php?rest_route=%2Fwp%2Fv2%2Fcategories&post=265"},{"taxonomy":"post_tag","embeddable":true,"href":"http:\/\/wp.bonner-initiative-grundeinkommen.de\/index.php?rest_route=%2Fwp%2Fv2%2Ftags&post=265"}],"curies":[{"name":"wp","href":"https:\/\/api.w.org\/{rel}","templated":true}]}}