{"id":251,"date":"2019-06-11T14:25:57","date_gmt":"2019-06-11T14:25:57","guid":{"rendered":"http:\/\/wp.bonner-initiative-grundeinkommen.de\/?p=251"},"modified":"2019-06-11T14:32:35","modified_gmt":"2019-06-11T14:32:35","slug":"251","status":"publish","type":"post","link":"http:\/\/wp.bonner-initiative-grundeinkommen.de\/?p=251","title":{"rendered":"Treffen der Bonner Initiative Grundeinkommen: \u201eGrundeinkommen und soziale Gerechtigkeit\u201c"},"content":{"rendered":"\n<p><strong>11.6.2019, 19 Uhr, Bonn, Treffen der Bonner Initiative Grundeinkommen&nbsp;\u201eGrundeinkommen und soziale Gerechtigkeit\u201c<\/strong><br><strong>Macke-Treff, Vorgebirgsstra\u00dfe 43, 53119 Bonn<\/strong><br><\/p>\n\n\n\n<p>Die Bonner Initiative Grundeinkommen l\u00e4dt zum n\u00e4chsten Treffen ein. \nDie Treffen finden monatlich immer am zweiten Dienstag statt.<\/p>\n\n\n\n<p><strong>An diesem Abend lautet das Schwerpunktthema \u201eGrundeinkommen und soziale Gerechtigkeit\u201c. <\/strong>Ausserdem wollen wir die Veranstaltung \u201eDigitalisierung und Grundeinkommen\u201c nachbereiten, die am 25.5. in Bonn stattgefunden hat und die Teilnahme am \u201eMarkt der M\u00f6glichkeiten\u201c am 29.6. im Kult 41 vorbereiten. Infoaustausch, Planung aktueller Vorhaben, Suche nach neuen Ideen sind weitere Themen des Abends. <\/p>\n\n\n\n<p>Eingeladen sind alle, die sich mit der Idee des Grundeinkommens \nauseinandersetzen m\u00f6chten. Knabbereien und Getr\u00e4nke d\u00fcrfen gerne \nmitgebracht werden.<\/p>\n\n\n\n<p><strong>Kontakt Bonner Initiative Grundeinkommen<\/strong><br> <a rel=\"noreferrer noopener\" target=\"_blank\" href=\"http:\/\/www.grundeinkommen-bonn.de\/\">www.grundeinkommen-bonn.de<\/a>, bonn@grundeinkommen.de<\/p>\n\n\n\n<p><strong>Unterst\u00fctzung<\/strong><br>Unterst\u00fctzen Sie bitte die Idee mit einer Spende an dengemeinn\u00fctzigen Verein \u201eBonner Initiative Grundeinkommen e.V.\u201c<br>IBAN: DE80380601861305142014 bei Volksbank Bonn Rhein-Sieg<\/p>\n\n\n\n<p><\/p>\n\n\n\n<figure class=\"wp-block-image\"><img alt=\"\"\/><\/figure>\n","protected":false},"excerpt":{"rendered":"<p>11.6.2019, 19 Uhr, Bonn, Treffen der Bonner Initiative Grundeinkommen&nbsp;\u201eGrundeinkommen und soziale Gerechtigkeit\u201cMacke-Treff, Vorgebirgsstra\u00dfe 43, 53119 Bonn Die Bonner Initiative Grundeinkommen l\u00e4dt zum n\u00e4chsten Treffen ein. Die Treffen finden monatlich immer am zweiten Dienstag statt. An diesem Abend lautet das Schwerpunktthema \u201eGrundeinkommen und soziale Gerechtigkeit\u201c. Ausserdem wollen wir die Veranstaltung \u201eDigitalisierung und Grundeinkommen\u201c nachbereiten, die am &hellip; <\/p>\n<p class=\"link-more\"><a href=\"http:\/\/wp.bonner-initiative-grundeinkommen.de\/?p=251\" class=\"more-link\"><span class=\"screen-reader-text\">&#8222;Treffen der Bonner Initiative Grundeinkommen: \u201eGrundeinkommen und soziale Gerechtigkeit\u201c&#8220;<\/span> weiterlesen<\/a><\/p>\n","protected":false},"author":1,"featured_media":0,"comment_status":"open","ping_status":"open","sticky":false,"template":"","format":"standard","meta":[],"categories":[1],"tags":[],"_links":{"self":[{"href":"http:\/\/wp.bonner-initiative-grundeinkommen.de\/index.php?rest_route=\/wp\/v2\/posts\/251"}],"collection":[{"href":"http:\/\/wp.bonner-initiative-grundeinkommen.de\/index.php?rest_route=\/wp\/v2\/posts"}],"about":[{"href":"http:\/\/wp.bonner-initiative-grundeinkommen.de\/index.php?rest_route=\/wp\/v2\/types\/post"}],"author":[{"embeddable":true,"href":"http:\/\/wp.bonner-initiative-grundeinkommen.de\/index.php?rest_route=\/wp\/v2\/users\/1"}],"replies":[{"embeddable":true,"href":"http:\/\/wp.bonner-initiative-grundeinkommen.de\/index.php?rest_route=%2Fwp%2Fv2%2Fcomments&post=251"}],"version-history":[{"count":5,"href":"http:\/\/wp.bonner-initiative-grundeinkommen.de\/index.php?rest_route=\/wp\/v2\/posts\/251\/revisions"}],"predecessor-version":[{"id":258,"href":"http:\/\/wp.bonner-initiative-grundeinkommen.de\/index.php?rest_route=\/wp\/v2\/posts\/251\/revisions\/258"}],"wp:attachment":[{"href":"http:\/\/wp.bonner-initiative-grundeinkommen.de\/index.php?rest_route=%2Fwp%2Fv2%2Fmedia&parent=251"}],"wp:term":[{"taxonomy":"category","embeddable":true,"href":"http:\/\/wp.bonner-initiative-grundeinkommen.de\/index.php?rest_route=%2Fwp%2Fv2%2Fcategories&post=251"},{"taxonomy":"post_tag","embeddable":true,"href":"http:\/\/wp.bonner-initiative-grundeinkommen.de\/index.php?rest_route=%2Fwp%2Fv2%2Ftags&post=251"}],"curies":[{"name":"wp","href":"https:\/\/api.w.org\/{rel}","templated":true}]}}