{"id":214,"date":"2019-05-14T10:05:54","date_gmt":"2019-05-14T10:05:54","guid":{"rendered":"http:\/\/wp.bonner-initiative-grundeinkommen.de\/?p=214"},"modified":"2019-05-14T10:41:57","modified_gmt":"2019-05-14T10:41:57","slug":"digitalisierung-und-grundeinkommen","status":"publish","type":"post","link":"http:\/\/wp.bonner-initiative-grundeinkommen.de\/?p=214","title":{"rendered":"\u201eDigitalisierung und Grundeinkommen&#8220;"},"content":{"rendered":"\n<h1><\/h1>\n\n\n\n<p><strong>Die Bonner Initiative Grundeinkommen l\u00e4dt zum n\u00e4chsten Treffen am 14.5.2019 um 19 Uhr im Macke-Treff,<\/strong> <strong>Vorgebirgsstra\u00dfe 43, 53119 Bonn, ein. Die Treffen finden monatlich immer am zweiten Dienstag statt.<\/strong><\/p>\n\n\n\n<p><br>An diesem Abend wollen wir die Veranstaltung \u201eDigitalisierung und Grundeinkommen&#8220; vorbereiten, die am 25.5. in Bonn stattfindet und die wir unterst\u00fctzen.<br><a href=\"http:\/\/wp.bonner-initiative-grundeinkommen.de\/?page_id=159\">Ablauf<\/a><br><a href=\"https:\/\/digibge.wordpress.com\/2019\/02\/04\/digibge19-tournee\/\">Mehr \u00fcber die Tournee <\/a><br><a href=\"https:\/\/digibge.wordpress.com\/buchbestellung\/\">Das Buch\u00a0 \u201eDigitalisierung und Grundeinkommen&#8220;<\/a><br><br><\/p>\n\n\n\n<p>Anschlie\u00dfend ist Zeit f\u00fcr Infoaustausch, Sammlung von Ideen und Planung von Aktionen.<\/p>\n\n\n\n<p>Eingeladen sind alle, die sich mit der Idee des Grundeinkommens \nauseinandersetzen m\u00f6chten. Knabbereien und Getr\u00e4nke d\u00fcrfen gerne \nmitgebracht werden.<\/p>\n\n\n\n<p><strong>Kontakt Bonner Initiative Grundeinkommen<\/strong><br> <a rel=\"noreferrer noopener\" target=\"_blank\" href=\"http:\/\/www.grundeinkommen-bonn.de\/\">www.grundeinkommen-bonn.de<\/a>, bonn@grundeinkommen.de<\/p>\n\n\n\n<p><strong>Unterst\u00fctzung<\/strong><br>Unterst\u00fctzen Sie bitte die Idee mit einer Spende an dengemeinn\u00fctzigen Verein \u201eBonner Initiative Grundeinkommen e.V.\u201c<br>IBAN: DE80380601861305142014 bei Volksbank Bonn Rhein-Sieg<a rel=\"noreferrer noopener\" href=\"mailto:bonn@grundeinkommen.de\" target=\"_blank\"><\/a><\/p>\n","protected":false},"excerpt":{"rendered":"<p>Die Bonner Initiative Grundeinkommen l\u00e4dt zum n\u00e4chsten Treffen am 14.5.2019 um 19 Uhr im Macke-Treff, Vorgebirgsstra\u00dfe 43, 53119 Bonn, ein. Die Treffen finden monatlich immer am zweiten Dienstag statt. An diesem Abend wollen wir die Veranstaltung \u201eDigitalisierung und Grundeinkommen&#8220; vorbereiten, die am 25.5. in Bonn stattfindet und die wir unterst\u00fctzen.AblaufMehr \u00fcber die Tournee Das Buch\u00a0 &hellip; <\/p>\n<p class=\"link-more\"><a href=\"http:\/\/wp.bonner-initiative-grundeinkommen.de\/?p=214\" class=\"more-link\"><span class=\"screen-reader-text\">&#8222;\u201eDigitalisierung und Grundeinkommen&#8220;&#8220;<\/span> weiterlesen<\/a><\/p>\n","protected":false},"author":1,"featured_media":0,"comment_status":"open","ping_status":"open","sticky":false,"template":"","format":"standard","meta":[],"categories":[1],"tags":[],"_links":{"self":[{"href":"http:\/\/wp.bonner-initiative-grundeinkommen.de\/index.php?rest_route=\/wp\/v2\/posts\/214"}],"collection":[{"href":"http:\/\/wp.bonner-initiative-grundeinkommen.de\/index.php?rest_route=\/wp\/v2\/posts"}],"about":[{"href":"http:\/\/wp.bonner-initiative-grundeinkommen.de\/index.php?rest_route=\/wp\/v2\/types\/post"}],"author":[{"embeddable":true,"href":"http:\/\/wp.bonner-initiative-grundeinkommen.de\/index.php?rest_route=\/wp\/v2\/users\/1"}],"replies":[{"embeddable":true,"href":"http:\/\/wp.bonner-initiative-grundeinkommen.de\/index.php?rest_route=%2Fwp%2Fv2%2Fcomments&post=214"}],"version-history":[{"count":5,"href":"http:\/\/wp.bonner-initiative-grundeinkommen.de\/index.php?rest_route=\/wp\/v2\/posts\/214\/revisions"}],"predecessor-version":[{"id":230,"href":"http:\/\/wp.bonner-initiative-grundeinkommen.de\/index.php?rest_route=\/wp\/v2\/posts\/214\/revisions\/230"}],"wp:attachment":[{"href":"http:\/\/wp.bonner-initiative-grundeinkommen.de\/index.php?rest_route=%2Fwp%2Fv2%2Fmedia&parent=214"}],"wp:term":[{"taxonomy":"category","embeddable":true,"href":"http:\/\/wp.bonner-initiative-grundeinkommen.de\/index.php?rest_route=%2Fwp%2Fv2%2Fcategories&post=214"},{"taxonomy":"post_tag","embeddable":true,"href":"http:\/\/wp.bonner-initiative-grundeinkommen.de\/index.php?rest_route=%2Fwp%2Fv2%2Ftags&post=214"}],"curies":[{"name":"wp","href":"https:\/\/api.w.org\/{rel}","templated":true}]}}