{"id":207,"date":"2019-04-09T13:31:31","date_gmt":"2019-04-09T13:31:31","guid":{"rendered":"http:\/\/wp.bonner-initiative-grundeinkommen.de\/?p=207"},"modified":"2019-04-09T13:36:29","modified_gmt":"2019-04-09T13:36:29","slug":"was-haben-wir-daraus-gelernt","status":"publish","type":"post","link":"http:\/\/wp.bonner-initiative-grundeinkommen.de\/?p=207","title":{"rendered":"Was haben wir daraus gelernt?"},"content":{"rendered":"\n<p><\/p>\n\n\n\n<p><\/p>\n\n\n\n<p><strong>Die Bonner Initiative Grundeinkommen l\u00e4dt zum n\u00e4chsten Treffen am 9.4.2019 um 19 Uhr im Macke-Treff,<\/strong> <strong>Vorgebirgsstra\u00dfe 43, 53119 Bonn, ein. Die Treffen finden monatlich immer am zweiten Dienstag statt.<\/strong><\/p>\n\n\n\n<p>Schwerpunkt des Abends: Was haben wir daraus gelernt? Auswertung unserer Treffen zu Finanzierungsm\u00f6glichkeiten eines Grundeinkommens.<\/p>\n\n\n\n<p>Anschlie\u00dfend ist Zeit f\u00fcr Infoaustausch, Sammlung von Ideen und Planung von Aktionen.<\/p>\n\n\n\n<p>Eingeladen sind alle, die sich mit der Idee des Grundeinkommens auseinandersetzen m\u00f6chten. Knabbereien und Getr\u00e4nke d\u00fcrfen gerne mitgebracht werden.<\/p>\n\n\n\n<p><\/p>\n\n\n\n<p><strong>Kontakt Bonner Initiative:<\/strong> <a target=\"_blank\" href=\"http:\/\/www.grundeinkommen-bonn.de\/\" rel=\"noreferrer noopener\">www.grundeinkommen-bonn.de<\/a>, bonn@grundeinkommen.de<\/p>\n\n\n\n<p><strong>Unterst\u00fctzung<\/strong><\/p>\n\n\n\n<p>Unterst\u00fctzen Sie bitte die Idee mit einer Spende an den\ngemeinn\u00fctzigen Verein \u201eBonner Initiative Grundeinkommen e.V.\u201c<\/p>\n\n\n\n<p>IBAN: DE80380601861305142014 bei Volksbank Bonn Rhein-Sieg!<\/p>\n\n\n\n<p><br><br><\/p>\n","protected":false},"excerpt":{"rendered":"<p>Die Bonner Initiative Grundeinkommen l\u00e4dt zum n\u00e4chsten Treffen am 9.4.2019 um 19 Uhr im Macke-Treff, Vorgebirgsstra\u00dfe 43, 53119 Bonn, ein. Die Treffen finden monatlich immer am zweiten Dienstag statt. Schwerpunkt des Abends: Was haben wir daraus gelernt? Auswertung unserer Treffen zu Finanzierungsm\u00f6glichkeiten eines Grundeinkommens. Anschlie\u00dfend ist Zeit f\u00fcr Infoaustausch, Sammlung von Ideen und Planung von &hellip; <\/p>\n<p class=\"link-more\"><a href=\"http:\/\/wp.bonner-initiative-grundeinkommen.de\/?p=207\" class=\"more-link\"><span class=\"screen-reader-text\">&#8222;Was haben wir daraus gelernt?&#8220;<\/span> weiterlesen<\/a><\/p>\n","protected":false},"author":1,"featured_media":0,"comment_status":"open","ping_status":"open","sticky":false,"template":"","format":"standard","meta":[],"categories":[1],"tags":[],"_links":{"self":[{"href":"http:\/\/wp.bonner-initiative-grundeinkommen.de\/index.php?rest_route=\/wp\/v2\/posts\/207"}],"collection":[{"href":"http:\/\/wp.bonner-initiative-grundeinkommen.de\/index.php?rest_route=\/wp\/v2\/posts"}],"about":[{"href":"http:\/\/wp.bonner-initiative-grundeinkommen.de\/index.php?rest_route=\/wp\/v2\/types\/post"}],"author":[{"embeddable":true,"href":"http:\/\/wp.bonner-initiative-grundeinkommen.de\/index.php?rest_route=\/wp\/v2\/users\/1"}],"replies":[{"embeddable":true,"href":"http:\/\/wp.bonner-initiative-grundeinkommen.de\/index.php?rest_route=%2Fwp%2Fv2%2Fcomments&post=207"}],"version-history":[{"count":3,"href":"http:\/\/wp.bonner-initiative-grundeinkommen.de\/index.php?rest_route=\/wp\/v2\/posts\/207\/revisions"}],"predecessor-version":[{"id":211,"href":"http:\/\/wp.bonner-initiative-grundeinkommen.de\/index.php?rest_route=\/wp\/v2\/posts\/207\/revisions\/211"}],"wp:attachment":[{"href":"http:\/\/wp.bonner-initiative-grundeinkommen.de\/index.php?rest_route=%2Fwp%2Fv2%2Fmedia&parent=207"}],"wp:term":[{"taxonomy":"category","embeddable":true,"href":"http:\/\/wp.bonner-initiative-grundeinkommen.de\/index.php?rest_route=%2Fwp%2Fv2%2Fcategories&post=207"},{"taxonomy":"post_tag","embeddable":true,"href":"http:\/\/wp.bonner-initiative-grundeinkommen.de\/index.php?rest_route=%2Fwp%2Fv2%2Ftags&post=207"}],"curies":[{"name":"wp","href":"https:\/\/api.w.org\/{rel}","templated":true}]}}