{"id":165,"date":"2019-02-09T17:49:37","date_gmt":"2019-02-09T17:49:37","guid":{"rendered":"http:\/\/wp.bonner-initiative-grundeinkommen.de\/?p=165"},"modified":"2019-02-09T17:49:37","modified_gmt":"2019-02-09T17:49:37","slug":"vorstellung-der-bge-kreise-wirtschaftskreise-mit-komplementaerwaehrung-und-grundeinkommen","status":"publish","type":"post","link":"http:\/\/wp.bonner-initiative-grundeinkommen.de\/?p=165","title":{"rendered":"Vorstellung der BGE-Kreise &#8211; Wirtschaftskreise mit Komplement\u00e4rw\u00e4hrung und Grundeinkommen"},"content":{"rendered":"\n<p><strong>Die Bonner Initiative Grundeinkommen l\u00e4dt zum n\u00e4chsten Treffen am 12.2.2019 um 19 Uhr im Macke-Treff, Vorgebirgsstra\u00dfe 43, 53119 Bonn, ein. Die Treffen finden monatlich immer am zweiten Dienstag statt.<\/strong><\/p>\n\n\n\n<p>An diesem Abend stellt Dirk Schumacher das Konzept der <strong>BGE-Kreise<\/strong> vor. Das Konzept wurde von ihm entwickelt. Es beinhaltet die Einrichtung eigenst\u00e4ndiger Wirtschaftskreise unter Einbeziehung einer Komplement\u00e4rw\u00e4hrung und Auszahlung eines bedingungslosen Grundeinkommens. Zur Zeit sind 50 Kreise eingerichtet, die meisten in Deutschland, einige auch in der Schweiz, Spanien und USA.<\/p>\n\n\n\n<p>Nach Vorstellung und Diskussion ist Zeit f\u00fcr Infoaustausch,Sammlung von Ideen und Planung von Aktionen.<\/p>\n\n\n\n<p>Eingeladen sind alle, die sich mit der Idee des Grundeinkommens auseinandersetzen m\u00f6chten. Knabbereien und Getr\u00e4nke d\u00fcrfen gerne mitgebracht werden.<\/p>\n\n\n\n<p><strong>Infos zum Konzept:<\/strong> <a rel=\"noreferrer noopener\" target=\"_blank\" href=\"http:\/\/www.bhe-kreise.de\/\">www.bge-kreise.de<\/a><br><strong>Kontakt Bonner Initiative:<\/strong> bonn@grundeinkommen.de<\/p>\n\n\n\n<p><strong>Unterst\u00fctzung<\/strong><br>Unterst\u00fctzen Sie bitte die Idee mit einer Spende an den gemeinn\u00fctzigen Verein \u201eBonner Initiative Grundeinkommen e.V.\u201c<br>IBAN: DE80380601861305142014 bei Volksbank Bonn Rhein-Sieg!<\/p>\n\n\n\n<p><\/p>\n\n\n\n<p><br><\/p>\n\n\n\n<p><br><\/p>\n","protected":false},"excerpt":{"rendered":"<p>Die Bonner Initiative Grundeinkommen l\u00e4dt zum n\u00e4chsten Treffen am 12.2.2019 um 19 Uhr im Macke-Treff, Vorgebirgsstra\u00dfe 43, 53119 Bonn, ein. Die Treffen finden monatlich immer am zweiten Dienstag statt. An diesem Abend stellt Dirk Schumacher das Konzept der BGE-Kreise vor. Das Konzept wurde von ihm entwickelt. Es beinhaltet die Einrichtung eigenst\u00e4ndiger Wirtschaftskreise unter Einbeziehung einer &hellip; <\/p>\n<p class=\"link-more\"><a href=\"http:\/\/wp.bonner-initiative-grundeinkommen.de\/?p=165\" class=\"more-link\"><span class=\"screen-reader-text\">&#8222;Vorstellung der BGE-Kreise &#8211; Wirtschaftskreise mit Komplement\u00e4rw\u00e4hrung und Grundeinkommen&#8220;<\/span> weiterlesen<\/a><\/p>\n","protected":false},"author":1,"featured_media":0,"comment_status":"open","ping_status":"open","sticky":false,"template":"","format":"standard","meta":[],"categories":[1],"tags":[],"_links":{"self":[{"href":"http:\/\/wp.bonner-initiative-grundeinkommen.de\/index.php?rest_route=\/wp\/v2\/posts\/165"}],"collection":[{"href":"http:\/\/wp.bonner-initiative-grundeinkommen.de\/index.php?rest_route=\/wp\/v2\/posts"}],"about":[{"href":"http:\/\/wp.bonner-initiative-grundeinkommen.de\/index.php?rest_route=\/wp\/v2\/types\/post"}],"author":[{"embeddable":true,"href":"http:\/\/wp.bonner-initiative-grundeinkommen.de\/index.php?rest_route=\/wp\/v2\/users\/1"}],"replies":[{"embeddable":true,"href":"http:\/\/wp.bonner-initiative-grundeinkommen.de\/index.php?rest_route=%2Fwp%2Fv2%2Fcomments&post=165"}],"version-history":[{"count":1,"href":"http:\/\/wp.bonner-initiative-grundeinkommen.de\/index.php?rest_route=\/wp\/v2\/posts\/165\/revisions"}],"predecessor-version":[{"id":166,"href":"http:\/\/wp.bonner-initiative-grundeinkommen.de\/index.php?rest_route=\/wp\/v2\/posts\/165\/revisions\/166"}],"wp:attachment":[{"href":"http:\/\/wp.bonner-initiative-grundeinkommen.de\/index.php?rest_route=%2Fwp%2Fv2%2Fmedia&parent=165"}],"wp:term":[{"taxonomy":"category","embeddable":true,"href":"http:\/\/wp.bonner-initiative-grundeinkommen.de\/index.php?rest_route=%2Fwp%2Fv2%2Fcategories&post=165"},{"taxonomy":"post_tag","embeddable":true,"href":"http:\/\/wp.bonner-initiative-grundeinkommen.de\/index.php?rest_route=%2Fwp%2Fv2%2Ftags&post=165"}],"curies":[{"name":"wp","href":"https:\/\/api.w.org\/{rel}","templated":true}]}}